{"id":7916,"date":"2026-04-29T11:05:07","date_gmt":"2026-04-29T09:05:07","guid":{"rendered":"https:\/\/fbernadet.org\/fvb-i-ub-tanquen-amb-exit-la-primera-edicio-sobre-proteccio-a-la-infancia\/"},"modified":"2026-04-29T11:20:06","modified_gmt":"2026-04-29T09:20:06","slug":"fvb-i-ub-tanquen-amb-exit-la-primera-edicio-sobre-proteccio-a-la-infancia","status":"publish","type":"post","link":"https:\/\/fbernadet.org\/es\/fvb-i-ub-tanquen-amb-exit-la-primera-edicio-sobre-proteccio-a-la-infancia\/","title":{"rendered":"FVB y la UB cierran con \u00e9xito la primera edici\u00f3n sobre protecci\u00f3n a la infancia"},"content":{"rendered":"\n<p><\/p>\n\n\n\n<p>Ayer finaliz\u00f3 la primera edici\u00f3n del <strong>Certificado de Experto en Pol\u00edticas de Protecci\u00f3n a la Infancia: COCOBE y Delegado\/a de Protecci\u00f3n<\/strong>, una formaci\u00f3n impulsada conjuntamente por la <strong>Fundaci\u00f3n Vicki Bernadet<\/strong> y la <strong>Universidad de Barcelona<\/strong>.<\/p>\n\n\n\n<p>Esta primera edici\u00f3n ha sido un \u00e9xito y confirma la necesidad de seguir ofreciendo espacios de formaci\u00f3n especializada para profesionales que trabajan con ni\u00f1os, ni\u00f1as y adolescentes. En un contexto en el que la protecci\u00f3n de la infancia requiere herramientas, criterios compartidos y una mirada preventiva, el certificado ha permitido profundizar en el papel del COCOBE y del delegado o delegada de protecci\u00f3n como figuras clave para promover entornos m\u00e1s seguros.<\/p>\n\n\n\n<p>La formaci\u00f3n ha contado con la direcci\u00f3n de <strong>Noem\u00ed Pereda<\/strong>, catedr\u00e1tica de Victimolog\u00eda y doctora en Psicolog\u00eda Cl\u00ednica y de la Salud por la Universidad de Barcelona, especialista en victimizaci\u00f3n infantojuvenil y una de las voces de referencia en el \u00e1mbito de la violencia contra la infancia.<\/p>\n\n\n\n<p>Uno de los principales valores de esta primera edici\u00f3n ha sido la diversidad de miradas del profesorado. A lo largo del curso, las personas participantes han podido aprender de profesionales procedentes de distintos \u00e1mbitos, lo que ha permitido abordar la protecci\u00f3n infantil desde una perspectiva transversal, pr\u00e1ctica y conectada con la realidad de los centros educativos, deportivos, de ocio y tiempo libre, as\u00ed como de las entidades que trabajan con ni\u00f1os, ni\u00f1as y adolescentes.<\/p>\n\n\n\n<p>Desde la Fundaci\u00f3n Vicki Bernadet valoramos muy positivamente esta primera edici\u00f3n y queremos agradecer la implicaci\u00f3n del alumnado, del equipo docente y de la Universidad de Barcelona por hacer posible una formaci\u00f3n que contribuye a avanzar hacia instituciones m\u00e1s conscientes, preparadas y comprometidas con el bienestar de la infancia.<\/p>\n\n\n\n<p>Con esta primera promoci\u00f3n, el certificado da un paso importante en la construcci\u00f3n de una red de profesionales capaces de prevenir, detectar y actuar ante situaciones de violencia, y de generar entornos protectores donde ni\u00f1os, ni\u00f1as y adolescentes puedan crecer con seguridad.<\/p>\n\n\n\n<p><strong>Ya est\u00e1 abierta la pr\u00f3xima edici\u00f3n del certificado.<\/strong><br>Si trabajas en el \u00e1mbito educativo, deportivo, social o de ocio y tiempo libre, y quieres formarte para proteger la infancia, esta formaci\u00f3n es una oportunidad para adquirir herramientas, conocimientos y criterios de actuaci\u00f3n especializados.<\/p>\n\n\n\n<p><strong><a href=\"https:\/\/web.ub.edu\/es\/web\/estudis\/w\/masterpropio-202511756\" target=\"_blank\" rel=\"noopener\">Acceso a la preinscripci\u00f3n<\/a><\/strong><\/p>\n","protected":false},"excerpt":{"rendered":"<p>Ayer finaliz\u00f3 la primera edici\u00f3n del Certificado de Experto en Pol\u00edticas de Protecci\u00f3n a la Infancia: COCOBE y Delegado\/a de Protecci\u00f3n, una formaci\u00f3n impulsada conjuntamente por<span class=\"excerpt-hellip\"> [\u2026]<\/span><\/p>\n","protected":false},"author":6,"featured_media":7904,"comment_status":"closed","ping_status":"closed","sticky":false,"template":"","format":"standard","meta":{"_acf_changed":false,"_monsterinsights_skip_tracking":false,"_monsterinsights_sitenote_active":false,"_monsterinsights_sitenote_note":"","_monsterinsights_sitenote_category":0,"footnotes":""},"categories":[279],"tags":[],"class_list":["post-7916","post","type-post","status-publish","format-standard","has-post-thumbnail","hentry","category-noticias_eventos"],"acf":[],"_links":{"self":[{"href":"https:\/\/fbernadet.org\/es\/wp-json\/wp\/v2\/posts\/7916","targetHints":{"allow":["GET"]}}],"collection":[{"href":"https:\/\/fbernadet.org\/es\/wp-json\/wp\/v2\/posts"}],"about":[{"href":"https:\/\/fbernadet.org\/es\/wp-json\/wp\/v2\/types\/post"}],"author":[{"embeddable":true,"href":"https:\/\/fbernadet.org\/es\/wp-json\/wp\/v2\/users\/6"}],"replies":[{"embeddable":true,"href":"https:\/\/fbernadet.org\/es\/wp-json\/wp\/v2\/comments?post=7916"}],"version-history":[{"count":2,"href":"https:\/\/fbernadet.org\/es\/wp-json\/wp\/v2\/posts\/7916\/revisions"}],"predecessor-version":[{"id":7923,"href":"https:\/\/fbernadet.org\/es\/wp-json\/wp\/v2\/posts\/7916\/revisions\/7923"}],"wp:featuredmedia":[{"embeddable":true,"href":"https:\/\/fbernadet.org\/es\/wp-json\/wp\/v2\/media\/7904"}],"wp:attachment":[{"href":"https:\/\/fbernadet.org\/es\/wp-json\/wp\/v2\/media?parent=7916"}],"wp:term":[{"taxonomy":"category","embeddable":true,"href":"https:\/\/fbernadet.org\/es\/wp-json\/wp\/v2\/categories?post=7916"},{"taxonomy":"post_tag","embeddable":true,"href":"https:\/\/fbernadet.org\/es\/wp-json\/wp\/v2\/tags?post=7916"}],"curies":[{"name":"wp","href":"https:\/\/api.w.org\/{rel}","templated":true}]}}