{"id":7867,"date":"2025-08-06T10:01:00","date_gmt":"2025-08-06T08:01:00","guid":{"rendered":"https:\/\/fbernadet.org\/?p=7867"},"modified":"2026-04-23T10:03:03","modified_gmt":"2026-04-23T08:03:03","slug":"gracias-fundacion-la-caixa-2","status":"publish","type":"post","link":"https:\/\/fbernadet.org\/es\/gracias-fundacion-la-caixa-2\/","title":{"rendered":"Gracias &#8216;Fundaci\u00f3n La Caixa&#8217;"},"content":{"rendered":"\n<p>Hoy queremos agradecer a la <a href=\"https:\/\/twitter.com\/FundlaCaixa\" target=\"_blank\" rel=\"noopener\">@FundlaCaixa<\/a>, la confianza en nuestro proyecto y el compromiso con la defensa de los derechos de la infancia. Gracias por ayudarnos a seguir trabajando en una atenci\u00f3n especializada clave en el proceso de la recuperaci\u00f3n de las v\u00edctimas i fam\u00edlias.<\/p>\n\n<figure class=\"wp-block-image size-full\"><img loading=\"lazy\" decoding=\"async\" width=\"680\" height=\"680\" src=\"https:\/\/fbernadet.org\/wp-content\/uploads\/2024\/04\/image.png\" alt=\"\" class=\"wp-image-3189\" srcset=\"https:\/\/fbernadet.org\/wp-content\/uploads\/2024\/04\/image.png 680w, https:\/\/fbernadet.org\/wp-content\/uploads\/2024\/04\/image-300x300.png 300w, https:\/\/fbernadet.org\/wp-content\/uploads\/2024\/04\/image-500x500.png 500w, https:\/\/fbernadet.org\/wp-content\/uploads\/2024\/04\/image-150x150.png 150w, https:\/\/fbernadet.org\/wp-content\/uploads\/2024\/04\/image-75x75.png 75w, https:\/\/fbernadet.org\/wp-content\/uploads\/2024\/04\/image-480x480.png 480w\" sizes=\"auto, (max-width:767px) 480px, 680px\" \/><\/figure>\n\n<p>Una subvenci\u00f3n que reduce una dolorosa lista de espera y ejemplariza el retorno social que cambia vidas. <a href=\"https:\/\/twitter.com\/hashtag\/ConvocatoriesProjectesSocials?src=hashtag_click\" target=\"_blank\" rel=\"noopener\">#ConvocatoriesProjectesSocials<\/a> <a href=\"https:\/\/twitter.com\/hashtag\/Fundaci%C3%B3laCaixa?src=hashtag_click\" target=\"_blank\" rel=\"noopener\">#Fundaci\u00f3nlaCaixa<\/a> <a href=\"https:\/\/twitter.com\/hashtag\/UnRepteComu?src=hashtag_click\" target=\"_blank\" rel=\"noopener\">#UnRetoCom\u00fan<\/a><\/p>\n","protected":false},"excerpt":{"rendered":"<p>Hoy queremos agradecer a la @FundlaCaixa, la confianza en nuestro proyecto y el compromiso con la defensa de los derechos de la infancia. Gracias por ayudarnos<span class=\"excerpt-hellip\"> [\u2026]<\/span><\/p>\n","protected":false},"author":6,"featured_media":5962,"comment_status":"closed","ping_status":"closed","sticky":false,"template":"","format":"standard","meta":{"_acf_changed":false,"_monsterinsights_skip_tracking":false,"_monsterinsights_sitenote_active":false,"_monsterinsights_sitenote_note":"","_monsterinsights_sitenote_category":0,"footnotes":""},"categories":[279,278],"tags":[],"class_list":["post-7867","post","type-post","status-publish","format-standard","has-post-thumbnail","hentry","category-noticias_eventos","category-noticies_edeveniments"],"acf":[],"_links":{"self":[{"href":"https:\/\/fbernadet.org\/es\/wp-json\/wp\/v2\/posts\/7867","targetHints":{"allow":["GET"]}}],"collection":[{"href":"https:\/\/fbernadet.org\/es\/wp-json\/wp\/v2\/posts"}],"about":[{"href":"https:\/\/fbernadet.org\/es\/wp-json\/wp\/v2\/types\/post"}],"author":[{"embeddable":true,"href":"https:\/\/fbernadet.org\/es\/wp-json\/wp\/v2\/users\/6"}],"replies":[{"embeddable":true,"href":"https:\/\/fbernadet.org\/es\/wp-json\/wp\/v2\/comments?post=7867"}],"version-history":[{"count":1,"href":"https:\/\/fbernadet.org\/es\/wp-json\/wp\/v2\/posts\/7867\/revisions"}],"predecessor-version":[{"id":7868,"href":"https:\/\/fbernadet.org\/es\/wp-json\/wp\/v2\/posts\/7867\/revisions\/7868"}],"wp:featuredmedia":[{"embeddable":true,"href":"https:\/\/fbernadet.org\/es\/wp-json\/wp\/v2\/media\/5962"}],"wp:attachment":[{"href":"https:\/\/fbernadet.org\/es\/wp-json\/wp\/v2\/media?parent=7867"}],"wp:term":[{"taxonomy":"category","embeddable":true,"href":"https:\/\/fbernadet.org\/es\/wp-json\/wp\/v2\/categories?post=7867"},{"taxonomy":"post_tag","embeddable":true,"href":"https:\/\/fbernadet.org\/es\/wp-json\/wp\/v2\/tags?post=7867"}],"curies":[{"name":"wp","href":"https:\/\/api.w.org\/{rel}","templated":true}]}}