{"id":5652,"date":"2024-09-21T09:03:00","date_gmt":"2024-09-21T07:03:00","guid":{"rendered":"https:\/\/fbernadet.org\/?p=5652"},"modified":"2025-04-01T15:54:31","modified_gmt":"2025-04-01T13:54:31","slug":"proyecto-de-insercion-social-para-victimas-de-abuso-sexual-infantil-en-situacion-de-vulnerabilidad","status":"publish","type":"post","link":"https:\/\/fbernadet.org\/es\/proyecto-de-insercion-social-para-victimas-de-abuso-sexual-infantil-en-situacion-de-vulnerabilidad\/","title":{"rendered":"Proyecto de Inserci\u00f3n Social para V\u00edctimas de Abuso Sexual Infantil en Situaci\u00f3n de Vulnerabilidad"},"content":{"rendered":"\n<p>La Fundaci\u00f3n est\u00e1 desarrollando un programa innovador destinado a lograr la plena inserci\u00f3n social de personas adultas que han sido v\u00edctimas de abuso sexual infantil. Este proyecto tiene como objetivo facilitar su incorporaci\u00f3n a itinerarios de inserci\u00f3n laboral en condiciones favorables, proporcionando servicios de orientaci\u00f3n, informaci\u00f3n y apoyo psicosocial.<\/p>\n\n\n\n<p>A trav\u00e9s de un diagn\u00f3stico y una evaluaci\u00f3n personalizada, se propondr\u00e1 un tratamiento psicosocial que acompa\u00f1ar\u00e1 a las v\u00edctimas en su proceso de inserci\u00f3n social y posterior derivaci\u00f3n a itinerarios laborales.<\/p>\n\n\n\n<p>El proyecto, que se lleva a cabo en Zaragoza durante los a\u00f1os 2024 y 2025, se estructura en dos l\u00edneas de actuaci\u00f3n principales:<\/p>\n\n\n\n<ul class=\"wp-block-list\">\n<li>Atenci\u00f3n Directa: Se ofrecer\u00e1 tratamiento especializado a 6 personas, incluyendo grupos de desarrollo de habilidades sociales.<\/li>\n\n\n\n<li>Formaci\u00f3n y Sensibilizaci\u00f3n: Se capacitar\u00e1 a profesionales que trabajan en programas de inserci\u00f3n laboral con personas en situaci\u00f3n de vulnerabilidad, beneficiando a 5 entidades del tercer sector.<\/li>\n<\/ul>\n\n\n\n<p>Este proyecto est\u00e1 cofinanciado por la Uni\u00f3n Europea y busca proporcionar un apoyo integral y efectivo a las v\u00edctimas, promoviendo su bienestar y autonom\u00eda.<\/p>\n\n\n\n<figure class=\"wp-block-image size-large\"><img loading=\"lazy\" decoding=\"async\" width=\"1200\" height=\"81\" src=\"https:\/\/fbernadet.org\/wp-content\/uploads\/2025\/02\/logos-fondo-europeo-1200x81.jpg\" alt=\"\" class=\"wp-image-5451\" srcset=\"https:\/\/fbernadet.org\/wp-content\/uploads\/2025\/02\/logos-fondo-europeo-1200x81.jpg 1200w, https:\/\/fbernadet.org\/wp-content\/uploads\/2025\/02\/logos-fondo-europeo-800x54.jpg 800w, https:\/\/fbernadet.org\/wp-content\/uploads\/2025\/02\/logos-fondo-europeo-500x34.jpg 500w, https:\/\/fbernadet.org\/wp-content\/uploads\/2025\/02\/logos-fondo-europeo-300x20.jpg 300w, https:\/\/fbernadet.org\/wp-content\/uploads\/2025\/02\/logos-fondo-europeo-768x52.jpg 768w, https:\/\/fbernadet.org\/wp-content\/uploads\/2025\/02\/logos-fondo-europeo-1536x104.jpg 1536w, https:\/\/fbernadet.org\/wp-content\/uploads\/2025\/02\/logos-fondo-europeo-2048x139.jpg 2048w, https:\/\/fbernadet.org\/wp-content\/uploads\/2025\/02\/logos-fondo-europeo-150x10.jpg 150w, https:\/\/fbernadet.org\/wp-content\/uploads\/2025\/02\/logos-fondo-europeo-480x33.jpg 480w\" sizes=\"auto, (max-width:767px) 480px, (max-width:1200px) 100vw, 1200px\" \/><\/figure>\n\n\n\n<div class=\"wp-block-group\"><div class=\"wp-block-group__inner-container is-layout-constrained wp-block-group-is-layout-constrained\"><\/div><\/div>\n\n\n\n<p><\/p>\n","protected":false},"excerpt":{"rendered":"<p>La Fundaci\u00f3n est\u00e1 desarrollando un programa innovador destinado a lograr la plena inserci\u00f3n social de personas adultas que han sido v\u00edctimas de abuso sexual infantil. Este<span class=\"excerpt-hellip\"> [\u2026]<\/span><\/p>\n","protected":false},"author":1,"featured_media":5665,"comment_status":"open","ping_status":"open","sticky":false,"template":"","format":"standard","meta":{"_acf_changed":false,"_monsterinsights_skip_tracking":false,"_monsterinsights_sitenote_active":false,"_monsterinsights_sitenote_note":"","_monsterinsights_sitenote_category":0,"footnotes":""},"categories":[279],"tags":[],"class_list":["post-5652","post","type-post","status-publish","format-standard","has-post-thumbnail","hentry","category-noticias_eventos"],"acf":[],"_links":{"self":[{"href":"https:\/\/fbernadet.org\/es\/wp-json\/wp\/v2\/posts\/5652","targetHints":{"allow":["GET"]}}],"collection":[{"href":"https:\/\/fbernadet.org\/es\/wp-json\/wp\/v2\/posts"}],"about":[{"href":"https:\/\/fbernadet.org\/es\/wp-json\/wp\/v2\/types\/post"}],"author":[{"embeddable":true,"href":"https:\/\/fbernadet.org\/es\/wp-json\/wp\/v2\/users\/1"}],"replies":[{"embeddable":true,"href":"https:\/\/fbernadet.org\/es\/wp-json\/wp\/v2\/comments?post=5652"}],"version-history":[{"count":0,"href":"https:\/\/fbernadet.org\/es\/wp-json\/wp\/v2\/posts\/5652\/revisions"}],"wp:featuredmedia":[{"embeddable":true,"href":"https:\/\/fbernadet.org\/es\/wp-json\/wp\/v2\/media\/5665"}],"wp:attachment":[{"href":"https:\/\/fbernadet.org\/es\/wp-json\/wp\/v2\/media?parent=5652"}],"wp:term":[{"taxonomy":"category","embeddable":true,"href":"https:\/\/fbernadet.org\/es\/wp-json\/wp\/v2\/categories?post=5652"},{"taxonomy":"post_tag","embeddable":true,"href":"https:\/\/fbernadet.org\/es\/wp-json\/wp\/v2\/tags?post=5652"}],"curies":[{"name":"wp","href":"https:\/\/api.w.org\/{rel}","templated":true}]}}